{"id":4896,"date":"2013-02-23T14:27:30","date_gmt":"2013-02-23T14:27:30","guid":{"rendered":"http:\/\/69.195.75.221\/?p=4896"},"modified":"2017-03-23T18:00:07","modified_gmt":"2017-03-23T18:00:07","slug":"projet-16","status":"publish","type":"post","link":"https:\/\/accentsoffrance.com\/fr\/projet-16\/","title":{"rendered":"Projet 16"},"content":{"rendered":"<p>Une transformation \u00e9norme a \u00e9t\u00e9 faite dans ce projet. Ici, le treillage est fait dans un petit jardin. Les murs finissent par appara\u00eetre compl\u00e8tement diff\u00e9rents et les miroirs apportent de la profondeur. Un d\u00e9cor ext\u00e9rieur r\u00e9el est cr\u00e9\u00e9 et l&#8217;espace ext\u00e9rieur se r\u00e9v\u00e8le beaucoup plus \u00e9l\u00e9gant.<\/p>\n<p><strong>Visiter la galerie du projet:<\/strong><\/p>\n<p>[wdm_gallery id=46]<\/p>\n","protected":false},"excerpt":{"rendered":"<p>Une transformation \u00e9norme a \u00e9t\u00e9 faite dans ce projet. Ici, le treillage est fait dans un petit jardin. Les murs finissent par appara\u00eetre compl\u00e8tement diff\u00e9rents et les miroirs apportent de la profondeur. Un d\u00e9cor ext\u00e9rieur r\u00e9el est cr\u00e9\u00e9 et l&#8217;espace ext\u00e9rieur se r\u00e9v\u00e8le beaucoup plus \u00e9l\u00e9gant. Visiter la galerie du projet: [wdm_gallery id=46]<\/p>\n","protected":false},"author":7,"featured_media":6386,"comment_status":"open","ping_status":"open","sticky":false,"template":"","format":"standard","meta":{"_acf_changed":false,"footnotes":""},"categories":[7],"tags":[],"class_list":["post-4896","post","type-post","status-publish","format-standard","has-post-thumbnail","hentry","category-uncategorized"],"acf":[],"yoast_head":"<!-- This site is optimized with the Yoast SEO plugin v26.2 - https:\/\/yoast.com\/wordpress\/plugins\/seo\/ -->\n<title>Projet 16 - Accents of France<\/title>\n<meta name=\"robots\" content=\"index, follow, max-snippet:-1, max-image-preview:large, max-video-preview:-1\" \/>\n<link rel=\"canonical\" href=\"https:\/\/accentsoffrance.com\/fr\/projet-16\/\" \/>\n<meta property=\"og:locale\" content=\"fr_FR\" \/>\n<meta property=\"og:type\" content=\"article\" \/>\n<meta property=\"og:title\" content=\"Projet 16 - Accents of France\" \/>\n<meta property=\"og:description\" content=\"Une transformation \u00e9norme a \u00e9t\u00e9 faite dans ce projet. Ici, le treillage est fait dans un petit jardin. Les murs finissent par appara\u00eetre compl\u00e8tement diff\u00e9rents et les miroirs apportent de la profondeur. Un d\u00e9cor ext\u00e9rieur r\u00e9el est cr\u00e9\u00e9 et l&#8217;espace ext\u00e9rieur se r\u00e9v\u00e8le beaucoup plus \u00e9l\u00e9gant. Visiter la galerie du projet: [wdm_gallery id=46]\" \/>\n<meta property=\"og:url\" content=\"https:\/\/accentsoffrance.com\/fr\/projet-16\/\" \/>\n<meta property=\"og:site_name\" content=\"Accents of France\" \/>\n<meta property=\"article:published_time\" content=\"2013-02-23T14:27:30+00:00\" \/>\n<meta property=\"article:modified_time\" content=\"2017-03-23T18:00:07+00:00\" \/>\n<meta property=\"og:image\" content=\"https:\/\/accentsoffrance-cv.s3.amazonaws.com\/production\/wp-content\/uploads\/2013\/02\/07143605\/PRO1611.jpg\" \/>\n\t<meta property=\"og:image:width\" content=\"900\" \/>\n\t<meta property=\"og:image:height\" content=\"603\" \/>\n\t<meta property=\"og:image:type\" content=\"image\/jpeg\" \/>\n<meta name=\"author\" content=\"Philippe Le Manach\" \/>\n<meta name=\"twitter:card\" content=\"summary_large_image\" \/>\n<meta name=\"twitter:label1\" content=\"\u00c9crit par\" \/>\n\t<meta name=\"twitter:data1\" content=\"Philippe Le Manach\" \/>\n<script type=\"application\/ld+json\" class=\"yoast-schema-graph\">{\"@context\":\"https:\/\/schema.org\",\"@graph\":[{\"@type\":\"WebPage\",\"@id\":\"https:\/\/accentsoffrance.com\/fr\/projet-16\/\",\"url\":\"https:\/\/accentsoffrance.com\/fr\/projet-16\/\",\"name\":\"Projet 16 - Accents of France\",\"isPartOf\":{\"@id\":\"https:\/\/accentsoffrance.com\/#website\"},\"primaryImageOfPage\":{\"@id\":\"https:\/\/accentsoffrance.com\/fr\/projet-16\/#primaryimage\"},\"image\":{\"@id\":\"https:\/\/accentsoffrance.com\/fr\/projet-16\/#primaryimage\"},\"thumbnailUrl\":\"https:\/\/accentsoffrance-cv.s3.amazonaws.com\/production\/wp-content\/uploads\/2013\/02\/07143605\/PRO1611.jpg\",\"datePublished\":\"2013-02-23T14:27:30+00:00\",\"dateModified\":\"2017-03-23T18:00:07+00:00\",\"author\":{\"@id\":\"https:\/\/accentsoffrance.com\/#\/schema\/person\/9658b4455cf9d8c38af234713e2efcdb\"},\"breadcrumb\":{\"@id\":\"https:\/\/accentsoffrance.com\/fr\/projet-16\/#breadcrumb\"},\"inLanguage\":\"fr-FR\",\"potentialAction\":[{\"@type\":\"ReadAction\",\"target\":[\"https:\/\/accentsoffrance.com\/fr\/projet-16\/\"]}]},{\"@type\":\"ImageObject\",\"inLanguage\":\"fr-FR\",\"@id\":\"https:\/\/accentsoffrance.com\/fr\/projet-16\/#primaryimage\",\"url\":\"https:\/\/accentsoffrance-cv.s3.amazonaws.com\/production\/wp-content\/uploads\/2013\/02\/07143605\/PRO1611.jpg\",\"contentUrl\":\"https:\/\/accentsoffrance-cv.s3.amazonaws.com\/production\/wp-content\/uploads\/2013\/02\/07143605\/PRO1611.jpg\",\"width\":900,\"height\":603},{\"@type\":\"BreadcrumbList\",\"@id\":\"https:\/\/accentsoffrance.com\/fr\/projet-16\/#breadcrumb\",\"itemListElement\":[{\"@type\":\"ListItem\",\"position\":1,\"name\":\"Home\",\"item\":\"https:\/\/accentsoffrance.com\/fr\/\"},{\"@type\":\"ListItem\",\"position\":2,\"name\":\"Projet 16\"}]},{\"@type\":\"WebSite\",\"@id\":\"https:\/\/accentsoffrance.com\/#website\",\"url\":\"https:\/\/accentsoffrance.com\/\",\"name\":\"Accents of France\",\"description\":\"Decorative treillage and accessories for home and garden.\",\"potentialAction\":[{\"@type\":\"SearchAction\",\"target\":{\"@type\":\"EntryPoint\",\"urlTemplate\":\"https:\/\/accentsoffrance.com\/?s={search_term_string}\"},\"query-input\":{\"@type\":\"PropertyValueSpecification\",\"valueRequired\":true,\"valueName\":\"search_term_string\"}}],\"inLanguage\":\"fr-FR\"},{\"@type\":\"Person\",\"@id\":\"https:\/\/accentsoffrance.com\/#\/schema\/person\/9658b4455cf9d8c38af234713e2efcdb\",\"name\":\"Philippe Le Manach\",\"image\":{\"@type\":\"ImageObject\",\"inLanguage\":\"fr-FR\",\"@id\":\"https:\/\/accentsoffrance.com\/#\/schema\/person\/image\/\",\"url\":\"https:\/\/secure.gravatar.com\/avatar\/faacdb060e524341aadd8dbc9fbc6f5f67e526078f6f8a64dff24bdd278d9677?s=96&d=mm&r=g\",\"contentUrl\":\"https:\/\/secure.gravatar.com\/avatar\/faacdb060e524341aadd8dbc9fbc6f5f67e526078f6f8a64dff24bdd278d9677?s=96&d=mm&r=g\",\"caption\":\"Philippe Le Manach\"},\"url\":\"https:\/\/accentsoffrance.com\/fr\/author\/philippe\/\"}]}<\/script>\n<!-- \/ Yoast SEO plugin. -->","yoast_head_json":{"title":"Projet 16 - Accents of France","robots":{"index":"index","follow":"follow","max-snippet":"max-snippet:-1","max-image-preview":"max-image-preview:large","max-video-preview":"max-video-preview:-1"},"canonical":"https:\/\/accentsoffrance.com\/fr\/projet-16\/","og_locale":"fr_FR","og_type":"article","og_title":"Projet 16 - Accents of France","og_description":"Une transformation \u00e9norme a \u00e9t\u00e9 faite dans ce projet. Ici, le treillage est fait dans un petit jardin. Les murs finissent par appara\u00eetre compl\u00e8tement diff\u00e9rents et les miroirs apportent de la profondeur. Un d\u00e9cor ext\u00e9rieur r\u00e9el est cr\u00e9\u00e9 et l&#8217;espace ext\u00e9rieur se r\u00e9v\u00e8le beaucoup plus \u00e9l\u00e9gant. Visiter la galerie du projet: [wdm_gallery id=46]","og_url":"https:\/\/accentsoffrance.com\/fr\/projet-16\/","og_site_name":"Accents of France","article_published_time":"2013-02-23T14:27:30+00:00","article_modified_time":"2017-03-23T18:00:07+00:00","og_image":[{"width":900,"height":603,"url":"https:\/\/accentsoffrance-cv.s3.amazonaws.com\/production\/wp-content\/uploads\/2013\/02\/07143605\/PRO1611.jpg","type":"image\/jpeg"}],"author":"Philippe Le Manach","twitter_card":"summary_large_image","twitter_misc":{"\u00c9crit par":"Philippe Le Manach"},"schema":{"@context":"https:\/\/schema.org","@graph":[{"@type":"WebPage","@id":"https:\/\/accentsoffrance.com\/fr\/projet-16\/","url":"https:\/\/accentsoffrance.com\/fr\/projet-16\/","name":"Projet 16 - Accents of France","isPartOf":{"@id":"https:\/\/accentsoffrance.com\/#website"},"primaryImageOfPage":{"@id":"https:\/\/accentsoffrance.com\/fr\/projet-16\/#primaryimage"},"image":{"@id":"https:\/\/accentsoffrance.com\/fr\/projet-16\/#primaryimage"},"thumbnailUrl":"https:\/\/accentsoffrance-cv.s3.amazonaws.com\/production\/wp-content\/uploads\/2013\/02\/07143605\/PRO1611.jpg","datePublished":"2013-02-23T14:27:30+00:00","dateModified":"2017-03-23T18:00:07+00:00","author":{"@id":"https:\/\/accentsoffrance.com\/#\/schema\/person\/9658b4455cf9d8c38af234713e2efcdb"},"breadcrumb":{"@id":"https:\/\/accentsoffrance.com\/fr\/projet-16\/#breadcrumb"},"inLanguage":"fr-FR","potentialAction":[{"@type":"ReadAction","target":["https:\/\/accentsoffrance.com\/fr\/projet-16\/"]}]},{"@type":"ImageObject","inLanguage":"fr-FR","@id":"https:\/\/accentsoffrance.com\/fr\/projet-16\/#primaryimage","url":"https:\/\/accentsoffrance-cv.s3.amazonaws.com\/production\/wp-content\/uploads\/2013\/02\/07143605\/PRO1611.jpg","contentUrl":"https:\/\/accentsoffrance-cv.s3.amazonaws.com\/production\/wp-content\/uploads\/2013\/02\/07143605\/PRO1611.jpg","width":900,"height":603},{"@type":"BreadcrumbList","@id":"https:\/\/accentsoffrance.com\/fr\/projet-16\/#breadcrumb","itemListElement":[{"@type":"ListItem","position":1,"name":"Home","item":"https:\/\/accentsoffrance.com\/fr\/"},{"@type":"ListItem","position":2,"name":"Projet 16"}]},{"@type":"WebSite","@id":"https:\/\/accentsoffrance.com\/#website","url":"https:\/\/accentsoffrance.com\/","name":"Accents of France","description":"Decorative treillage and accessories for home and garden.","potentialAction":[{"@type":"SearchAction","target":{"@type":"EntryPoint","urlTemplate":"https:\/\/accentsoffrance.com\/?s={search_term_string}"},"query-input":{"@type":"PropertyValueSpecification","valueRequired":true,"valueName":"search_term_string"}}],"inLanguage":"fr-FR"},{"@type":"Person","@id":"https:\/\/accentsoffrance.com\/#\/schema\/person\/9658b4455cf9d8c38af234713e2efcdb","name":"Philippe Le Manach","image":{"@type":"ImageObject","inLanguage":"fr-FR","@id":"https:\/\/accentsoffrance.com\/#\/schema\/person\/image\/","url":"https:\/\/secure.gravatar.com\/avatar\/faacdb060e524341aadd8dbc9fbc6f5f67e526078f6f8a64dff24bdd278d9677?s=96&d=mm&r=g","contentUrl":"https:\/\/secure.gravatar.com\/avatar\/faacdb060e524341aadd8dbc9fbc6f5f67e526078f6f8a64dff24bdd278d9677?s=96&d=mm&r=g","caption":"Philippe Le Manach"},"url":"https:\/\/accentsoffrance.com\/fr\/author\/philippe\/"}]}},"_links":{"self":[{"href":"https:\/\/accentsoffrance.com\/fr\/wp-json\/wp\/v2\/posts\/4896","targetHints":{"allow":["GET"]}}],"collection":[{"href":"https:\/\/accentsoffrance.com\/fr\/wp-json\/wp\/v2\/posts"}],"about":[{"href":"https:\/\/accentsoffrance.com\/fr\/wp-json\/wp\/v2\/types\/post"}],"author":[{"embeddable":true,"href":"https:\/\/accentsoffrance.com\/fr\/wp-json\/wp\/v2\/users\/7"}],"replies":[{"embeddable":true,"href":"https:\/\/accentsoffrance.com\/fr\/wp-json\/wp\/v2\/comments?post=4896"}],"version-history":[{"count":0,"href":"https:\/\/accentsoffrance.com\/fr\/wp-json\/wp\/v2\/posts\/4896\/revisions"}],"wp:featuredmedia":[{"embeddable":true,"href":"https:\/\/accentsoffrance.com\/fr\/wp-json\/wp\/v2\/media\/6386"}],"wp:attachment":[{"href":"https:\/\/accentsoffrance.com\/fr\/wp-json\/wp\/v2\/media?parent=4896"}],"wp:term":[{"taxonomy":"category","embeddable":true,"href":"https:\/\/accentsoffrance.com\/fr\/wp-json\/wp\/v2\/categories?post=4896"},{"taxonomy":"post_tag","embeddable":true,"href":"https:\/\/accentsoffrance.com\/fr\/wp-json\/wp\/v2\/tags?post=4896"}],"curies":[{"name":"wp","href":"https:\/\/api.w.org\/{rel}","templated":true}]}}